{"id":481,"date":"2015-06-10T15:12:46","date_gmt":"2015-06-10T14:12:46","guid":{"rendered":"http:\/\/www.osteopatialleida.com\/dificultats-a-la-lactancia-2\/"},"modified":"2015-03-24T16:40:10","modified_gmt":"2015-03-24T15:40:10","slug":"dificultades-en-la-lactancia","status":"publish","type":"post","link":"https:\/\/www.osteopatialleida.com\/es\/dificultades-en-la-lactancia\/","title":{"rendered":"Dificultades en la lactancia"},"content":{"rendered":"<p>Las fuerzas de compresi\u00f3n durante el parto pueden afectar negativamente en algunos casos, sobre todo en partes largos o dif\u00edciles, o que han necesitado instrumentaci\u00f3n como las ventosas o f\u00f3rceps.<\/p>\n<p>El sistema nervioso y el cr\u00e1neo del beb\u00e9 son muy vulnerables y, por tanto, estos partes pueden bloquear alg\u00fan hueso del cr\u00e1neo que haga que al beb\u00e9 le cueste mover la cabeza en los dos sentidos iguales.<\/p>\n<p>&nbsp;<\/p>\n<blockquote><p>\u00abSiempre quiere el mismo pecho! No abre bien la boca! Le cuesta tragar! Saca muchas bocanadas! Siempre pone la cabecita en la misma posici\u00f3n! \u00ab<\/p><\/blockquote>\n<p>&nbsp;<\/p>\n<p>Son algunas de las afirmaciones que hacen las madres, que nos dicen que el ni\u00f1o tiene tensiones en el cr\u00e1neo, en la parte anterior del cuello e, incluso, al diafragma.<\/p>\n<p>Hay que hacer una buena historia cl\u00ednica y valoraremos las tensiones de todo el cuerpo del beb\u00e9, poniendo m\u00e1s \u00e9nfasis en el cr\u00e1neo, la boca, las costillas, el diafragma, las hioides y la parte anterior del cuello.<\/p>\n","protected":false},"excerpt":{"rendered":"<p>Las fuerzas de compresi\u00f3n durante el parto pueden afectar negativamente en algunos casos, sobre todo en partes largos o dif\u00edciles, o que han necesitado instrumentaci\u00f3n como las ventosas o f\u00f3rceps. El sistema nervioso y el cr\u00e1neo del beb\u00e9 son muy vulnerables y, por tanto, estos partes pueden bloquear alg\u00fan hueso del cr\u00e1neo que haga que al beb\u00e9 le cueste mover [&hellip;]<\/p>\n","protected":false},"author":1,"featured_media":643,"comment_status":"closed","ping_status":"closed","sticky":false,"template":"","format":"standard","meta":{"_exactmetrics_skip_tracking":false,"_exactmetrics_sitenote_active":false,"_exactmetrics_sitenote_note":"","_exactmetrics_sitenote_category":0,"footnotes":""},"categories":[32],"tags":[],"class_list":["post-481","post","type-post","status-publish","format-standard","has-post-thumbnail","hentry","category-osteo-pediatrica-es"],"yoast_head":"<!-- This site is optimized with the Yoast SEO plugin v27.5 - https:\/\/yoast.com\/product\/yoast-seo-wordpress\/ -->\n<title>Dificultades en la lactancia - Centre Osteopatia Lleida - Osteopatia Cl\u00ednica i Fisioter\u00e0pia<\/title>\n<meta name=\"description\" content=\"Especialitzat en el tractament de lesions vertebrals, viscerals i cranials. Centre pioner a la ciutat de Lleida en la osteopatia pedi\u00e0trica i ginecol\u00f2gica.\" \/>\n<meta name=\"robots\" content=\"index, follow, max-snippet:-1, max-image-preview:large, max-video-preview:-1\" \/>\n<link rel=\"canonical\" href=\"https:\/\/www.osteopatialleida.com\/es\/dificultades-en-la-lactancia\/\" \/>\n<meta property=\"og:locale\" content=\"es_ES\" \/>\n<meta property=\"og:type\" content=\"article\" \/>\n<meta property=\"og:title\" content=\"Dificultades en la lactancia - Centre Osteopatia Lleida - Osteopatia Cl\u00ednica i Fisioter\u00e0pia\" \/>\n<meta property=\"og:description\" content=\"Especialitzat en el tractament de lesions vertebrals, viscerals i cranials. Centre pioner a la ciutat de Lleida en la osteopatia pedi\u00e0trica i ginecol\u00f2gica.\" \/>\n<meta property=\"og:url\" content=\"https:\/\/www.osteopatialleida.com\/es\/dificultades-en-la-lactancia\/\" \/>\n<meta property=\"og:site_name\" content=\"Centre Osteopatia Lleida\" \/>\n<meta property=\"article:published_time\" content=\"2015-06-10T14:12:46+00:00\" \/>\n<meta property=\"og:image\" content=\"https:\/\/www.osteopatialleida.com\/wp-content\/uploads\/2015\/06\/dificultat-lactancia-osteopatia-lleida.jpg\" \/>\n\t<meta property=\"og:image:width\" content=\"900\" \/>\n\t<meta property=\"og:image:height\" content=\"600\" \/>\n\t<meta property=\"og:image:type\" content=\"image\/jpeg\" \/>\n<meta name=\"author\" content=\"calzbert\" \/>\n<meta name=\"twitter:label1\" content=\"Escrito por\" \/>\n\t<meta name=\"twitter:data1\" content=\"calzbert\" \/>\n\t<meta name=\"twitter:label2\" content=\"Tiempo de lectura\" \/>\n\t<meta name=\"twitter:data2\" content=\"1 minuto\" \/>\n<script type=\"application\/ld+json\" class=\"yoast-schema-graph\">{\"@context\":\"https:\\\/\\\/schema.org\",\"@graph\":[{\"@type\":\"Article\",\"@id\":\"https:\\\/\\\/www.osteopatialleida.com\\\/es\\\/dificultades-en-la-lactancia\\\/#article\",\"isPartOf\":{\"@id\":\"https:\\\/\\\/www.osteopatialleida.com\\\/es\\\/dificultades-en-la-lactancia\\\/\"},\"author\":{\"name\":\"calzbert\",\"@id\":\"https:\\\/\\\/www.osteopatialleida.com\\\/#\\\/schema\\\/person\\\/aba3c62fde9ce307b0adc90f5ffe67ed\"},\"headline\":\"Dificultades en la lactancia\",\"datePublished\":\"2015-06-10T14:12:46+00:00\",\"mainEntityOfPage\":{\"@id\":\"https:\\\/\\\/www.osteopatialleida.com\\\/es\\\/dificultades-en-la-lactancia\\\/\"},\"wordCount\":177,\"image\":{\"@id\":\"https:\\\/\\\/www.osteopatialleida.com\\\/es\\\/dificultades-en-la-lactancia\\\/#primaryimage\"},\"thumbnailUrl\":\"https:\\\/\\\/www.osteopatialleida.com\\\/wp-content\\\/uploads\\\/2015\\\/06\\\/dificultat-lactancia-osteopatia-lleida.jpg\",\"articleSection\":[\"Osteopat\u00eda Pedi\u00e1trica\"],\"inLanguage\":\"es\"},{\"@type\":\"WebPage\",\"@id\":\"https:\\\/\\\/www.osteopatialleida.com\\\/es\\\/dificultades-en-la-lactancia\\\/\",\"url\":\"https:\\\/\\\/www.osteopatialleida.com\\\/es\\\/dificultades-en-la-lactancia\\\/\",\"name\":\"Dificultades en la lactancia - Centre Osteopatia Lleida - Osteopatia Cl\u00ednica i Fisioter\u00e0pia\",\"isPartOf\":{\"@id\":\"https:\\\/\\\/www.osteopatialleida.com\\\/#website\"},\"primaryImageOfPage\":{\"@id\":\"https:\\\/\\\/www.osteopatialleida.com\\\/es\\\/dificultades-en-la-lactancia\\\/#primaryimage\"},\"image\":{\"@id\":\"https:\\\/\\\/www.osteopatialleida.com\\\/es\\\/dificultades-en-la-lactancia\\\/#primaryimage\"},\"thumbnailUrl\":\"https:\\\/\\\/www.osteopatialleida.com\\\/wp-content\\\/uploads\\\/2015\\\/06\\\/dificultat-lactancia-osteopatia-lleida.jpg\",\"datePublished\":\"2015-06-10T14:12:46+00:00\",\"author\":{\"@id\":\"https:\\\/\\\/www.osteopatialleida.com\\\/#\\\/schema\\\/person\\\/aba3c62fde9ce307b0adc90f5ffe67ed\"},\"description\":\"Especialitzat en el tractament de lesions vertebrals, viscerals i cranials. Centre pioner a la ciutat de Lleida en la osteopatia pedi\u00e0trica i ginecol\u00f2gica.\",\"breadcrumb\":{\"@id\":\"https:\\\/\\\/www.osteopatialleida.com\\\/es\\\/dificultades-en-la-lactancia\\\/#breadcrumb\"},\"inLanguage\":\"es\",\"potentialAction\":[{\"@type\":\"ReadAction\",\"target\":[\"https:\\\/\\\/www.osteopatialleida.com\\\/es\\\/dificultades-en-la-lactancia\\\/\"]}]},{\"@type\":\"ImageObject\",\"inLanguage\":\"es\",\"@id\":\"https:\\\/\\\/www.osteopatialleida.com\\\/es\\\/dificultades-en-la-lactancia\\\/#primaryimage\",\"url\":\"https:\\\/\\\/www.osteopatialleida.com\\\/wp-content\\\/uploads\\\/2015\\\/06\\\/dificultat-lactancia-osteopatia-lleida.jpg\",\"contentUrl\":\"https:\\\/\\\/www.osteopatialleida.com\\\/wp-content\\\/uploads\\\/2015\\\/06\\\/dificultat-lactancia-osteopatia-lleida.jpg\",\"width\":900,\"height\":600,\"caption\":\"dificultat-lactancia-osteopatia-lleida\"},{\"@type\":\"BreadcrumbList\",\"@id\":\"https:\\\/\\\/www.osteopatialleida.com\\\/es\\\/dificultades-en-la-lactancia\\\/#breadcrumb\",\"itemListElement\":[{\"@type\":\"ListItem\",\"position\":1,\"name\":\"Inici\",\"item\":\"https:\\\/\\\/www.osteopatialleida.com\\\/es\\\/\"},{\"@type\":\"ListItem\",\"position\":2,\"name\":\"Dificultades en la lactancia\"}]},{\"@type\":\"WebSite\",\"@id\":\"https:\\\/\\\/www.osteopatialleida.com\\\/#website\",\"url\":\"https:\\\/\\\/www.osteopatialleida.com\\\/\",\"name\":\"Centre Osteopatia Lleida\",\"description\":\"\",\"potentialAction\":[{\"@type\":\"SearchAction\",\"target\":{\"@type\":\"EntryPoint\",\"urlTemplate\":\"https:\\\/\\\/www.osteopatialleida.com\\\/?s={search_term_string}\"},\"query-input\":{\"@type\":\"PropertyValueSpecification\",\"valueRequired\":true,\"valueName\":\"search_term_string\"}}],\"inLanguage\":\"es\"},{\"@type\":\"Person\",\"@id\":\"https:\\\/\\\/www.osteopatialleida.com\\\/#\\\/schema\\\/person\\\/aba3c62fde9ce307b0adc90f5ffe67ed\",\"name\":\"calzbert\",\"url\":\"https:\\\/\\\/www.osteopatialleida.com\\\/es\\\/author\\\/calzbert\\\/\"}]}<\/script>\n<!-- \/ Yoast SEO plugin. -->","yoast_head_json":{"title":"Dificultades en la lactancia - Centre Osteopatia Lleida - Osteopatia Cl\u00ednica i Fisioter\u00e0pia","description":"Especialitzat en el tractament de lesions vertebrals, viscerals i cranials. Centre pioner a la ciutat de Lleida en la osteopatia pedi\u00e0trica i ginecol\u00f2gica.","robots":{"index":"index","follow":"follow","max-snippet":"max-snippet:-1","max-image-preview":"max-image-preview:large","max-video-preview":"max-video-preview:-1"},"canonical":"https:\/\/www.osteopatialleida.com\/es\/dificultades-en-la-lactancia\/","og_locale":"es_ES","og_type":"article","og_title":"Dificultades en la lactancia - Centre Osteopatia Lleida - Osteopatia Cl\u00ednica i Fisioter\u00e0pia","og_description":"Especialitzat en el tractament de lesions vertebrals, viscerals i cranials. Centre pioner a la ciutat de Lleida en la osteopatia pedi\u00e0trica i ginecol\u00f2gica.","og_url":"https:\/\/www.osteopatialleida.com\/es\/dificultades-en-la-lactancia\/","og_site_name":"Centre Osteopatia Lleida","article_published_time":"2015-06-10T14:12:46+00:00","og_image":[{"width":900,"height":600,"url":"https:\/\/www.osteopatialleida.com\/wp-content\/uploads\/2015\/06\/dificultat-lactancia-osteopatia-lleida.jpg","type":"image\/jpeg"}],"author":"calzbert","twitter_misc":{"Escrito por":"calzbert","Tiempo de lectura":"1 minuto"},"schema":{"@context":"https:\/\/schema.org","@graph":[{"@type":"Article","@id":"https:\/\/www.osteopatialleida.com\/es\/dificultades-en-la-lactancia\/#article","isPartOf":{"@id":"https:\/\/www.osteopatialleida.com\/es\/dificultades-en-la-lactancia\/"},"author":{"name":"calzbert","@id":"https:\/\/www.osteopatialleida.com\/#\/schema\/person\/aba3c62fde9ce307b0adc90f5ffe67ed"},"headline":"Dificultades en la lactancia","datePublished":"2015-06-10T14:12:46+00:00","mainEntityOfPage":{"@id":"https:\/\/www.osteopatialleida.com\/es\/dificultades-en-la-lactancia\/"},"wordCount":177,"image":{"@id":"https:\/\/www.osteopatialleida.com\/es\/dificultades-en-la-lactancia\/#primaryimage"},"thumbnailUrl":"https:\/\/www.osteopatialleida.com\/wp-content\/uploads\/2015\/06\/dificultat-lactancia-osteopatia-lleida.jpg","articleSection":["Osteopat\u00eda Pedi\u00e1trica"],"inLanguage":"es"},{"@type":"WebPage","@id":"https:\/\/www.osteopatialleida.com\/es\/dificultades-en-la-lactancia\/","url":"https:\/\/www.osteopatialleida.com\/es\/dificultades-en-la-lactancia\/","name":"Dificultades en la lactancia - Centre Osteopatia Lleida - Osteopatia Cl\u00ednica i Fisioter\u00e0pia","isPartOf":{"@id":"https:\/\/www.osteopatialleida.com\/#website"},"primaryImageOfPage":{"@id":"https:\/\/www.osteopatialleida.com\/es\/dificultades-en-la-lactancia\/#primaryimage"},"image":{"@id":"https:\/\/www.osteopatialleida.com\/es\/dificultades-en-la-lactancia\/#primaryimage"},"thumbnailUrl":"https:\/\/www.osteopatialleida.com\/wp-content\/uploads\/2015\/06\/dificultat-lactancia-osteopatia-lleida.jpg","datePublished":"2015-06-10T14:12:46+00:00","author":{"@id":"https:\/\/www.osteopatialleida.com\/#\/schema\/person\/aba3c62fde9ce307b0adc90f5ffe67ed"},"description":"Especialitzat en el tractament de lesions vertebrals, viscerals i cranials. Centre pioner a la ciutat de Lleida en la osteopatia pedi\u00e0trica i ginecol\u00f2gica.","breadcrumb":{"@id":"https:\/\/www.osteopatialleida.com\/es\/dificultades-en-la-lactancia\/#breadcrumb"},"inLanguage":"es","potentialAction":[{"@type":"ReadAction","target":["https:\/\/www.osteopatialleida.com\/es\/dificultades-en-la-lactancia\/"]}]},{"@type":"ImageObject","inLanguage":"es","@id":"https:\/\/www.osteopatialleida.com\/es\/dificultades-en-la-lactancia\/#primaryimage","url":"https:\/\/www.osteopatialleida.com\/wp-content\/uploads\/2015\/06\/dificultat-lactancia-osteopatia-lleida.jpg","contentUrl":"https:\/\/www.osteopatialleida.com\/wp-content\/uploads\/2015\/06\/dificultat-lactancia-osteopatia-lleida.jpg","width":900,"height":600,"caption":"dificultat-lactancia-osteopatia-lleida"},{"@type":"BreadcrumbList","@id":"https:\/\/www.osteopatialleida.com\/es\/dificultades-en-la-lactancia\/#breadcrumb","itemListElement":[{"@type":"ListItem","position":1,"name":"Inici","item":"https:\/\/www.osteopatialleida.com\/es\/"},{"@type":"ListItem","position":2,"name":"Dificultades en la lactancia"}]},{"@type":"WebSite","@id":"https:\/\/www.osteopatialleida.com\/#website","url":"https:\/\/www.osteopatialleida.com\/","name":"Centre Osteopatia Lleida","description":"","potentialAction":[{"@type":"SearchAction","target":{"@type":"EntryPoint","urlTemplate":"https:\/\/www.osteopatialleida.com\/?s={search_term_string}"},"query-input":{"@type":"PropertyValueSpecification","valueRequired":true,"valueName":"search_term_string"}}],"inLanguage":"es"},{"@type":"Person","@id":"https:\/\/www.osteopatialleida.com\/#\/schema\/person\/aba3c62fde9ce307b0adc90f5ffe67ed","name":"calzbert","url":"https:\/\/www.osteopatialleida.com\/es\/author\/calzbert\/"}]}},"_links":{"self":[{"href":"https:\/\/www.osteopatialleida.com\/es\/wp-json\/wp\/v2\/posts\/481","targetHints":{"allow":["GET"]}}],"collection":[{"href":"https:\/\/www.osteopatialleida.com\/es\/wp-json\/wp\/v2\/posts"}],"about":[{"href":"https:\/\/www.osteopatialleida.com\/es\/wp-json\/wp\/v2\/types\/post"}],"author":[{"embeddable":true,"href":"https:\/\/www.osteopatialleida.com\/es\/wp-json\/wp\/v2\/users\/1"}],"replies":[{"embeddable":true,"href":"https:\/\/www.osteopatialleida.com\/es\/wp-json\/wp\/v2\/comments?post=481"}],"version-history":[{"count":3,"href":"https:\/\/www.osteopatialleida.com\/es\/wp-json\/wp\/v2\/posts\/481\/revisions"}],"predecessor-version":[{"id":638,"href":"https:\/\/www.osteopatialleida.com\/es\/wp-json\/wp\/v2\/posts\/481\/revisions\/638"}],"wp:featuredmedia":[{"embeddable":true,"href":"https:\/\/www.osteopatialleida.com\/es\/wp-json\/wp\/v2\/media\/643"}],"wp:attachment":[{"href":"https:\/\/www.osteopatialleida.com\/es\/wp-json\/wp\/v2\/media?parent=481"}],"wp:term":[{"taxonomy":"category","embeddable":true,"href":"https:\/\/www.osteopatialleida.com\/es\/wp-json\/wp\/v2\/categories?post=481"},{"taxonomy":"post_tag","embeddable":true,"href":"https:\/\/www.osteopatialleida.com\/es\/wp-json\/wp\/v2\/tags?post=481"}],"curies":[{"name":"wp","href":"https:\/\/api.w.org\/{rel}","templated":true}]}}